{"id":4117,"date":"2026-09-04T23:31:32","date_gmt":"2026-09-04T23:31:32","guid":{"rendered":"https:\/\/cdiflorycanto.org\/web\/?p=4117"},"modified":"2026-09-04T23:36:15","modified_gmt":"2026-09-04T23:36:15","slug":"reconocimiento-de-la-gestion-comunitaria-ruta-para-garantizar-el-derecho-al-agua-de-los-pueblos","status":"publish","type":"post","link":"http:\/\/cdiflorycanto.org\/web\/2026\/09\/04\/reconocimiento-de-la-gestion-comunitaria-ruta-para-garantizar-el-derecho-al-agua-de-los-pueblos\/","title":{"rendered":"Reconocimiento de la gesti\u00f3n comunitaria, ruta para garantizar el derecho al agua de los pueblos"},"content":{"rendered":"<p>Tlalixtac de Cabrera, Oaxaca, 2 de septiembre de 2026. M\u00e1s de cien representantes de comit\u00e9s de agua, autoridades comunitarias, defensores y acad\u00e9micos de m\u00e1s de 30 comunidades oaxaque\u00f1as participaron en el Foro Reconocimiento de los Comit\u00e9s del Agua y la Gesti\u00f3n Comunitaria, convocado por el Centro de Derechos Ind\u00edgenas Flor y Canto A. C. en coordinaci\u00f3n con Servicios del Pueblo Mixe y organizaciones que forman parte de la Alianza por la Libre Determinaci\u00f3n y la Autonom\u00eda Oaxaca (ALDEA Oaxaca).<\/p>\n<p>Beatriz Salinas Avil\u00e9s, directora del Centro de Derechos Ind\u00edgenas Flor y Canto, plante\u00f3 la necesidad de reflexionar sobre los retos que enfrentan los comit\u00e9s de agua frente a los marcos normativos que plantean su reconocimiento. Recalc\u00f3 que, aunque los comit\u00e9s han garantizado hist\u00f3ricamente el derecho humano al agua, actualmente trabajan sin recursos suficientes y enfrentan amenazas de agentes estatales y, en muchas ocasiones, intereses empresariales.<\/p>\n<blockquote><p><span style=\"color: #000000;\">La labor de estos comit\u00e9s, expuso, va m\u00e1s all\u00e1 de operar tuber\u00edas: protegen bosques y cuerpos de agua, sanean, recargan acu\u00edferos, distribuyen el l\u00edquido y organizan el trabajo colectivo sin fines de lucro. Fortalecerlos jur\u00eddica y financieramente, subray\u00f3, es reconocer su aportaci\u00f3n al bien com\u00fan.<\/span><\/p><\/blockquote>\n<div id='gallery-1' class='gallery galleryid-4117 gallery-columns-3 gallery-size-full'><figure class='gallery-item'>\n\t\t\t<div class='gallery-icon landscape'>\n\t\t\t\t<a href='http:\/\/cdiflorycanto.org\/web\/2026\/09\/04\/reconocimiento-de-la-gestion-comunitaria-ruta-para-garantizar-el-derecho-al-agua-de-los-pueblos\/foro-reconocimiento-de-comites-de-agua-1\/'><img loading=\"lazy\" decoding=\"async\" width=\"1280\" height=\"853\" src=\"http:\/\/cdiflorycanto.org\/web\/wp-content\/uploads\/2026\/09\/Foro-reconocimiento-de-comites-de-agua-1.jpeg\" class=\"attachment-full size-full\" alt=\"\" srcset=\"http:\/\/cdiflorycanto.org\/web\/wp-content\/uploads\/2026\/09\/Foro-reconocimiento-de-comites-de-agua-1.jpeg 1280w, http:\/\/cdiflorycanto.org\/web\/wp-content\/uploads\/2026\/09\/Foro-reconocimiento-de-comites-de-agua-1-300x200.jpeg 300w, http:\/\/cdiflorycanto.org\/web\/wp-content\/uploads\/2026\/09\/Foro-reconocimiento-de-comites-de-agua-1-1024x682.jpeg 1024w, http:\/\/cdiflorycanto.org\/web\/wp-content\/uploads\/2026\/09\/Foro-reconocimiento-de-comites-de-agua-1-768x512.jpeg 768w\" sizes=\"auto, (max-width: 1280px) 100vw, 1280px\" \/><\/a>\n\t\t\t<\/div><\/figure><figure class='gallery-item'>\n\t\t\t<div class='gallery-icon landscape'>\n\t\t\t\t<a href='http:\/\/cdiflorycanto.org\/web\/2026\/09\/04\/reconocimiento-de-la-gestion-comunitaria-ruta-para-garantizar-el-derecho-al-agua-de-los-pueblos\/foro-reconocimiento-de-comites-de-agua-2\/'><img loading=\"lazy\" decoding=\"async\" width=\"1280\" height=\"853\" src=\"http:\/\/cdiflorycanto.org\/web\/wp-content\/uploads\/2026\/09\/Foro-reconocimiento-de-comites-de-agua-2.jpeg\" class=\"attachment-full size-full\" alt=\"\" srcset=\"http:\/\/cdiflorycanto.org\/web\/wp-content\/uploads\/2026\/09\/Foro-reconocimiento-de-comites-de-agua-2.jpeg 1280w, http:\/\/cdiflorycanto.org\/web\/wp-content\/uploads\/2026\/09\/Foro-reconocimiento-de-comites-de-agua-2-300x200.jpeg 300w, http:\/\/cdiflorycanto.org\/web\/wp-content\/uploads\/2026\/09\/Foro-reconocimiento-de-comites-de-agua-2-1024x682.jpeg 1024w, http:\/\/cdiflorycanto.org\/web\/wp-content\/uploads\/2026\/09\/Foro-reconocimiento-de-comites-de-agua-2-768x512.jpeg 768w\" sizes=\"auto, (max-width: 1280px) 100vw, 1280px\" \/><\/a>\n\t\t\t<\/div><\/figure><figure class='gallery-item'>\n\t\t\t<div class='gallery-icon landscape'>\n\t\t\t\t<a href='http:\/\/cdiflorycanto.org\/web\/2026\/09\/04\/reconocimiento-de-la-gestion-comunitaria-ruta-para-garantizar-el-derecho-al-agua-de-los-pueblos\/foro-reconocimiento-de-comites-de-agua-3\/'><img loading=\"lazy\" decoding=\"async\" width=\"1280\" height=\"853\" src=\"http:\/\/cdiflorycanto.org\/web\/wp-content\/uploads\/2026\/09\/Foro-reconocimiento-de-comites-de-agua-3.jpeg\" class=\"attachment-full size-full\" alt=\"\" srcset=\"http:\/\/cdiflorycanto.org\/web\/wp-content\/uploads\/2026\/09\/Foro-reconocimiento-de-comites-de-agua-3.jpeg 1280w, http:\/\/cdiflorycanto.org\/web\/wp-content\/uploads\/2026\/09\/Foro-reconocimiento-de-comites-de-agua-3-300x200.jpeg 300w, http:\/\/cdiflorycanto.org\/web\/wp-content\/uploads\/2026\/09\/Foro-reconocimiento-de-comites-de-agua-3-1024x682.jpeg 1024w, http:\/\/cdiflorycanto.org\/web\/wp-content\/uploads\/2026\/09\/Foro-reconocimiento-de-comites-de-agua-3-768x512.jpeg 768w\" sizes=\"auto, (max-width: 1280px) 100vw, 1280px\" \/><\/a>\n\t\t\t<\/div><\/figure><figure class='gallery-item'>\n\t\t\t<div class='gallery-icon landscape'>\n\t\t\t\t<a href='http:\/\/cdiflorycanto.org\/web\/2026\/09\/04\/reconocimiento-de-la-gestion-comunitaria-ruta-para-garantizar-el-derecho-al-agua-de-los-pueblos\/foro-reconocimiento-de-comites-de-agua-5\/'><img loading=\"lazy\" decoding=\"async\" width=\"1280\" height=\"763\" src=\"http:\/\/cdiflorycanto.org\/web\/wp-content\/uploads\/2026\/09\/Foro-reconocimiento-de-comites-de-agua-5.jpeg\" class=\"attachment-full size-full\" alt=\"\" srcset=\"http:\/\/cdiflorycanto.org\/web\/wp-content\/uploads\/2026\/09\/Foro-reconocimiento-de-comites-de-agua-5.jpeg 1280w, http:\/\/cdiflorycanto.org\/web\/wp-content\/uploads\/2026\/09\/Foro-reconocimiento-de-comites-de-agua-5-300x179.jpeg 300w, http:\/\/cdiflorycanto.org\/web\/wp-content\/uploads\/2026\/09\/Foro-reconocimiento-de-comites-de-agua-5-1024x610.jpeg 1024w, http:\/\/cdiflorycanto.org\/web\/wp-content\/uploads\/2026\/09\/Foro-reconocimiento-de-comites-de-agua-5-768x458.jpeg 768w\" sizes=\"auto, (max-width: 1280px) 100vw, 1280px\" \/><\/a>\n\t\t\t<\/div><\/figure><figure class='gallery-item'>\n\t\t\t<div class='gallery-icon landscape'>\n\t\t\t\t<a href='http:\/\/cdiflorycanto.org\/web\/2026\/09\/04\/reconocimiento-de-la-gestion-comunitaria-ruta-para-garantizar-el-derecho-al-agua-de-los-pueblos\/foro-reconocimiento-de-comites-de-agua-7\/'><img loading=\"lazy\" decoding=\"async\" width=\"1280\" height=\"816\" src=\"http:\/\/cdiflorycanto.org\/web\/wp-content\/uploads\/2026\/09\/Foro-reconocimiento-de-comites-de-agua-7.jpeg\" class=\"attachment-full size-full\" alt=\"\" srcset=\"http:\/\/cdiflorycanto.org\/web\/wp-content\/uploads\/2026\/09\/Foro-reconocimiento-de-comites-de-agua-7.jpeg 1280w, http:\/\/cdiflorycanto.org\/web\/wp-content\/uploads\/2026\/09\/Foro-reconocimiento-de-comites-de-agua-7-300x191.jpeg 300w, http:\/\/cdiflorycanto.org\/web\/wp-content\/uploads\/2026\/09\/Foro-reconocimiento-de-comites-de-agua-7-1024x653.jpeg 1024w, http:\/\/cdiflorycanto.org\/web\/wp-content\/uploads\/2026\/09\/Foro-reconocimiento-de-comites-de-agua-7-768x490.jpeg 768w\" sizes=\"auto, (max-width: 1280px) 100vw, 1280px\" \/><\/a>\n\t\t\t<\/div><\/figure><figure class='gallery-item'>\n\t\t\t<div class='gallery-icon landscape'>\n\t\t\t\t<a href='http:\/\/cdiflorycanto.org\/web\/2026\/09\/04\/reconocimiento-de-la-gestion-comunitaria-ruta-para-garantizar-el-derecho-al-agua-de-los-pueblos\/foro-reconocimiento-de-comites-de-agua-9\/'><img loading=\"lazy\" decoding=\"async\" width=\"1280\" height=\"853\" src=\"http:\/\/cdiflorycanto.org\/web\/wp-content\/uploads\/2026\/09\/Foro-reconocimiento-de-comites-de-agua-9.jpeg\" class=\"attachment-full size-full\" alt=\"\" srcset=\"http:\/\/cdiflorycanto.org\/web\/wp-content\/uploads\/2026\/09\/Foro-reconocimiento-de-comites-de-agua-9.jpeg 1280w, http:\/\/cdiflorycanto.org\/web\/wp-content\/uploads\/2026\/09\/Foro-reconocimiento-de-comites-de-agua-9-300x200.jpeg 300w, http:\/\/cdiflorycanto.org\/web\/wp-content\/uploads\/2026\/09\/Foro-reconocimiento-de-comites-de-agua-9-1024x682.jpeg 1024w, http:\/\/cdiflorycanto.org\/web\/wp-content\/uploads\/2026\/09\/Foro-reconocimiento-de-comites-de-agua-9-768x512.jpeg 768w\" sizes=\"auto, (max-width: 1280px) 100vw, 1280px\" \/><\/a>\n\t\t\t<\/div><\/figure><figure class='gallery-item'>\n\t\t\t<div class='gallery-icon landscape'>\n\t\t\t\t<a href='http:\/\/cdiflorycanto.org\/web\/2026\/09\/04\/reconocimiento-de-la-gestion-comunitaria-ruta-para-garantizar-el-derecho-al-agua-de-los-pueblos\/foro-reconocimiento-de-comites-de-agua-10\/'><img loading=\"lazy\" decoding=\"async\" width=\"1280\" height=\"825\" src=\"http:\/\/cdiflorycanto.org\/web\/wp-content\/uploads\/2026\/09\/Foro-reconocimiento-de-comites-de-agua-10.jpeg\" class=\"attachment-full size-full\" alt=\"\" srcset=\"http:\/\/cdiflorycanto.org\/web\/wp-content\/uploads\/2026\/09\/Foro-reconocimiento-de-comites-de-agua-10.jpeg 1280w, http:\/\/cdiflorycanto.org\/web\/wp-content\/uploads\/2026\/09\/Foro-reconocimiento-de-comites-de-agua-10-300x193.jpeg 300w, http:\/\/cdiflorycanto.org\/web\/wp-content\/uploads\/2026\/09\/Foro-reconocimiento-de-comites-de-agua-10-1024x660.jpeg 1024w, http:\/\/cdiflorycanto.org\/web\/wp-content\/uploads\/2026\/09\/Foro-reconocimiento-de-comites-de-agua-10-768x495.jpeg 768w\" sizes=\"auto, (max-width: 1280px) 100vw, 1280px\" \/><\/a>\n\t\t\t<\/div><\/figure><figure class='gallery-item'>\n\t\t\t<div class='gallery-icon landscape'>\n\t\t\t\t<a href='http:\/\/cdiflorycanto.org\/web\/2026\/09\/04\/reconocimiento-de-la-gestion-comunitaria-ruta-para-garantizar-el-derecho-al-agua-de-los-pueblos\/foro-reconocimiento-de-comites-de-agua-11\/'><img loading=\"lazy\" decoding=\"async\" width=\"1280\" height=\"765\" src=\"http:\/\/cdiflorycanto.org\/web\/wp-content\/uploads\/2026\/09\/Foro-reconocimiento-de-comites-de-agua-11.jpeg\" class=\"attachment-full size-full\" alt=\"\" srcset=\"http:\/\/cdiflorycanto.org\/web\/wp-content\/uploads\/2026\/09\/Foro-reconocimiento-de-comites-de-agua-11.jpeg 1280w, http:\/\/cdiflorycanto.org\/web\/wp-content\/uploads\/2026\/09\/Foro-reconocimiento-de-comites-de-agua-11-300x179.jpeg 300w, http:\/\/cdiflorycanto.org\/web\/wp-content\/uploads\/2026\/09\/Foro-reconocimiento-de-comites-de-agua-11-1024x612.jpeg 1024w, http:\/\/cdiflorycanto.org\/web\/wp-content\/uploads\/2026\/09\/Foro-reconocimiento-de-comites-de-agua-11-768x459.jpeg 768w\" sizes=\"auto, (max-width: 1280px) 100vw, 1280px\" \/><\/a>\n\t\t\t<\/div><\/figure><figure class='gallery-item'>\n\t\t\t<div class='gallery-icon landscape'>\n\t\t\t\t<a href='http:\/\/cdiflorycanto.org\/web\/2026\/09\/04\/reconocimiento-de-la-gestion-comunitaria-ruta-para-garantizar-el-derecho-al-agua-de-los-pueblos\/foro-reconocimiento-de-comites-de-agua-13\/'><img loading=\"lazy\" decoding=\"async\" width=\"2560\" height=\"1440\" src=\"http:\/\/cdiflorycanto.org\/web\/wp-content\/uploads\/2026\/09\/Foro-reconocimiento-de-comites-de-agua-13-scaled.jpg\" class=\"attachment-full size-full\" alt=\"\" srcset=\"http:\/\/cdiflorycanto.org\/web\/wp-content\/uploads\/2026\/09\/Foro-reconocimiento-de-comites-de-agua-13-scaled.jpg 2560w, http:\/\/cdiflorycanto.org\/web\/wp-content\/uploads\/2026\/09\/Foro-reconocimiento-de-comites-de-agua-13-300x169.jpg 300w, http:\/\/cdiflorycanto.org\/web\/wp-content\/uploads\/2026\/09\/Foro-reconocimiento-de-comites-de-agua-13-1024x576.jpg 1024w, http:\/\/cdiflorycanto.org\/web\/wp-content\/uploads\/2026\/09\/Foro-reconocimiento-de-comites-de-agua-13-768x432.jpg 768w, http:\/\/cdiflorycanto.org\/web\/wp-content\/uploads\/2026\/09\/Foro-reconocimiento-de-comites-de-agua-13-1536x864.jpg 1536w, http:\/\/cdiflorycanto.org\/web\/wp-content\/uploads\/2026\/09\/Foro-reconocimiento-de-comites-de-agua-13-2048x1152.jpg 2048w\" sizes=\"auto, (max-width: 2560px) 100vw, 2560px\" \/><\/a>\n\t\t\t<\/div><\/figure>\n\t\t<\/div>\n\n<p>Por su parte, Sof\u00eda Robles Hern\u00e1ndez, representante de SER Mixe, se\u00f1al\u00f3 que el di\u00e1logo ha guiado siempre a las comunidades de Oaxaca en los temas m\u00e1s relevantes, entre ellos el cuidado y respeto a la naturaleza, al territorio y al agua.<\/p>\n<p>Ricardo Ovando, miembro de la Contralor\u00eda Nacional Aut\u00f3noma del Agua e integrante del sistema comunitario de agua de la cabecera municipal de Tec\u00e1mac, Estado de M\u00e9xico, explic\u00f3 que los sistemas comunitarios de agua est\u00e1n extendidos por todo el pa\u00eds. El Programa Nacional H\u00eddrico ha reconocido m\u00e1s de 28 mil sistemas, aunque otras estimaciones calculan que podr\u00edan superar los 80 mil. Su demanda es no quedar sometidos a los ayuntamientos, sino ser reconocidos como autoridades comunitarias del agua y actuar en corresponsabilidad con el Estado.<\/p>\n<p>Ovando destac\u00f3 las concesiones comunitarias ind\u00edgenas obtenidas en 2022 por comunidades de los Valles Centrales, despu\u00e9s de 17 a\u00f1os de organizaci\u00f3n y lucha, las cuales permiten usar, cuidar y administrar el agua subterr\u00e1nea mediante las asambleas y son un antecedente para extender el reconocimiento a las dem\u00e1s regiones de Oaxaca.<\/p>\n<p>Diana Avil\u00e9s Quezada, defensora e investigadora comunitaria, present\u00f3 la experiencia de Huitzila, municipio de Tizayuca, Hidalgo, cuyo sistema abastece a m\u00e1s de dos mil familias, de las cuales nueve de cada diez respaldan la administraci\u00f3n y siete de cada diez cumplen con el pago de su cuota. Los datos cuestionan la supuesta ineficiencia de los comit\u00e9s y muestran su legitimidad, construida mediante d\u00e9cadas de trabajo, memoria y defensa territorial.<\/p>\n<blockquote><p><span style=\"color: #000000;\">Avil\u00e9s advirti\u00f3 que la falta de personalidad jur\u00eddica expone a los comit\u00e9s a la municipalizaci\u00f3n, a decisiones sin consentimiento y a tarifas el\u00e9ctricas que los tratan como empresas. \u201cUna buena ley no debe obligar a elegir entre autonom\u00eda o apoyo estatal\u201d, afirm\u00f3. El Estado debe brindar asistencia t\u00e9cnica, recursos y energ\u00eda accesible sin apropiarse de la infraestructura ni de la capacidad comunitaria de decidir.<\/span><\/p><\/blockquote>\n<p>Fernando Ramos Morales, profesor investigador de la Universidad de la Sierra Ju\u00e1rez, describi\u00f3 la gesti\u00f3n del agua en la Sierra Norte de Oaxaca. Los comit\u00e9s son elegidos por las asambleas y se sostienen con cargos, cuotas y tequios. En algunas comunidades las familias pagan entre 10 y 20 pesos mensuales porque tambi\u00e9n aportan trabajo para conducir, vigilar y distribuir el agua. La crisis clim\u00e1tica agrava esta tarea: manantiales agotados, conducciones de hasta 12 kil\u00f3metros y racionamientos por barrios son cada vez m\u00e1s frecuentes. El bosque, los animales, los suelos y las personas, se\u00f1al\u00f3, forman una comunidad que necesita agua.<\/p>\n<p>Paulina L\u00f3pez Ni\u00f1o de Rivera, abogada de Flor y Canto A. C. y moderadora del di\u00e1logo, llam\u00f3 a aprovechar estas experiencias para pensar en su posible reconocimiento en la legislaci\u00f3n de Oaxaca. Algunos de los retos identificados durante las mesas de trabajo incluyen proteger su personalidad y patrimonio; proteger las fuentes de agua que les abastecen, garantizar el respeto a las decisiones de las asambleas y detener los abusos e intromisiones de Conagua; reconocer la participaci\u00f3n de las mujeres; impulsar el relevo generacional, y asegurar recursos con pleno respeto a su autonom\u00eda. Reconocer la gesti\u00f3n comunitaria del agua es reconocer la autonom\u00eda de los pueblos y su capacidad hist\u00f3rica para cuidar la vida.<\/p>\n<p><strong>Flor y Canto A. C.\u00a0 \u00b7 SER Mixe \u00b7 Alianza por la Libre Determinaci\u00f3n y la Autonom\u00eda Oaxaca (ALDEA Oaxaca)<\/strong><\/p>\n","protected":false},"excerpt":{"rendered":"<p>Tlalixtac de Cabrera, Oaxaca, 2 de septiembre de 2026. M\u00e1s de cien representantes de comit\u00e9s de agua, autoridades comunitarias, defensores y acad\u00e9micos de m\u00e1s de 30 comunidades oaxaque\u00f1as participaron en el Foro Reconocimiento de los Comit\u00e9s del Agua y la Gesti\u00f3n Comunitaria, convocado por el Centro de Derechos Ind\u00edgenas Flor y Canto A. C. en [&hellip;]<\/p>\n","protected":false},"author":1,"featured_media":4119,"comment_status":"open","ping_status":"open","sticky":false,"template":"","format":"standard","meta":{"footnotes":""},"categories":[151,149],"tags":[205],"class_list":["post-4117","post","type-post","status-publish","format-standard","has-post-thumbnail","hentry","category-comunicados","category-flor-y-canto","tag-derechoalagua-derechoalavida"],"_links":{"self":[{"href":"http:\/\/cdiflorycanto.org\/web\/wp-json\/wp\/v2\/posts\/4117","targetHints":{"allow":["GET"]}}],"collection":[{"href":"http:\/\/cdiflorycanto.org\/web\/wp-json\/wp\/v2\/posts"}],"about":[{"href":"http:\/\/cdiflorycanto.org\/web\/wp-json\/wp\/v2\/types\/post"}],"author":[{"embeddable":true,"href":"http:\/\/cdiflorycanto.org\/web\/wp-json\/wp\/v2\/users\/1"}],"replies":[{"embeddable":true,"href":"http:\/\/cdiflorycanto.org\/web\/wp-json\/wp\/v2\/comments?post=4117"}],"version-history":[{"count":3,"href":"http:\/\/cdiflorycanto.org\/web\/wp-json\/wp\/v2\/posts\/4117\/revisions"}],"predecessor-version":[{"id":4129,"href":"http:\/\/cdiflorycanto.org\/web\/wp-json\/wp\/v2\/posts\/4117\/revisions\/4129"}],"wp:featuredmedia":[{"embeddable":true,"href":"http:\/\/cdiflorycanto.org\/web\/wp-json\/wp\/v2\/media\/4119"}],"wp:attachment":[{"href":"http:\/\/cdiflorycanto.org\/web\/wp-json\/wp\/v2\/media?parent=4117"}],"wp:term":[{"taxonomy":"category","embeddable":true,"href":"http:\/\/cdiflorycanto.org\/web\/wp-json\/wp\/v2\/categories?post=4117"},{"taxonomy":"post_tag","embeddable":true,"href":"http:\/\/cdiflorycanto.org\/web\/wp-json\/wp\/v2\/tags?post=4117"}],"curies":[{"name":"wp","href":"https:\/\/api.w.org\/{rel}","templated":true}]}}